{"id":584,"date":"2015-03-29T17:16:32","date_gmt":"2015-03-29T16:16:32","guid":{"rendered":"https:\/\/janapsicologa.wordpress.com\/?p=584"},"modified":"2019-03-04T13:49:53","modified_gmt":"2019-03-04T11:49:53","slug":"asertividad-quiero-aprender-a-decir-no","status":"publish","type":"post","link":"https:\/\/janapsicologa.com\/psicologo-madrid\/asertividad-quiero-aprender-a-decir-no\/","title":{"rendered":"C\u00f3mo decir que no sin sentirte culpable"},"content":{"rendered":"<p><img loading=\"lazy\" decoding=\"async\" class=\"wp-image-583 size-large aligncenter\" src=\"https:\/\/janapsicologa.com\/wp-content\/uploads\/2015\/03\/wpid-fotor_142707546450633-1024x768.jpg\" alt=\"\" width=\"700\" height=\"525\" srcset=\"https:\/\/janapsicologa.com\/wp-content\/uploads\/2015\/03\/wpid-fotor_142707546450633-1024x768.jpg 1024w, https:\/\/janapsicologa.com\/wp-content\/uploads\/2015\/03\/wpid-fotor_142707546450633-300x225.jpg 300w, https:\/\/janapsicologa.com\/wp-content\/uploads\/2015\/03\/wpid-fotor_142707546450633-768x576.jpg 768w, https:\/\/janapsicologa.com\/wp-content\/uploads\/2015\/03\/wpid-fotor_142707546450633-700x525.jpg 700w, https:\/\/janapsicologa.com\/wp-content\/uploads\/2015\/03\/wpid-fotor_142707546450633-2000x1500.jpg 2000w, https:\/\/janapsicologa.com\/wp-content\/uploads\/2015\/03\/wpid-fotor_142707546450633-533x400.jpg 533w\" sizes=\"(max-width: 700px) 100vw, 700px\" \/><\/p>\n\n\n<div class=\"kk-star-ratings kksr-shortcode\"\n    data-payload='{&quot;id&quot;:&quot;584&quot;,&quot;slug&quot;:&quot;default&quot;,&quot;ignore&quot;:&quot;&quot;,&quot;reference&quot;:&quot;shortcode&quot;,&quot;align&quot;:&quot;&quot;,&quot;class&quot;:&quot;&quot;,&quot;count&quot;:&quot;2&quot;,&quot;legendonly&quot;:&quot;&quot;,&quot;readonly&quot;:&quot;&quot;,&quot;score&quot;:&quot;4.5&quot;,&quot;starsonly&quot;:&quot;&quot;,&quot;valign&quot;:&quot;&quot;,&quot;best&quot;:&quot;5&quot;,&quot;gap&quot;:&quot;4&quot;,&quot;greet&quot;:&quot;Punt\u00faa el contenido&quot;,&quot;legend&quot;:&quot;4.5\\\/5 - (2 votos)&quot;,&quot;size&quot;:&quot;24&quot;,&quot;title&quot;:&quot;C\u00f3mo decir que no sin sentirte culpable&quot;,&quot;width&quot;:&quot;124&quot;,&quot;_legend&quot;:&quot;{score}\\\/{best} - ({count} {votes})&quot;,&quot;font_factor&quot;:&quot;1.25&quot;}'>\n            \n<div class=\"kksr-stars\">\n    \n<div class=\"kksr-stars-inactive\">\n            <div class=\"kksr-star\" data-star=\"1\" style=\"padding-right: 4px\">\n            \n\n<div class=\"kksr-icon\" style=\"width: 24px; height: 24px;\"><\/div>\n        <\/div>\n            <div class=\"kksr-star\" data-star=\"2\" style=\"padding-right: 4px\">\n            \n\n<div class=\"kksr-icon\" style=\"width: 24px; height: 24px;\"><\/div>\n        <\/div>\n            <div class=\"kksr-star\" data-star=\"3\" style=\"padding-right: 4px\">\n            \n\n<div class=\"kksr-icon\" style=\"width: 24px; height: 24px;\"><\/div>\n        <\/div>\n            <div class=\"kksr-star\" data-star=\"4\" style=\"padding-right: 4px\">\n            \n\n<div class=\"kksr-icon\" style=\"width: 24px; height: 24px;\"><\/div>\n        <\/div>\n            <div class=\"kksr-star\" data-star=\"5\" style=\"padding-right: 4px\">\n            \n\n<div class=\"kksr-icon\" style=\"width: 24px; height: 24px;\"><\/div>\n        <\/div>\n    <\/div>\n    \n<div class=\"kksr-stars-active\" style=\"width: 124px;\">\n            <div class=\"kksr-star\" style=\"padding-right: 4px\">\n            \n\n<div class=\"kksr-icon\" style=\"width: 24px; height: 24px;\"><\/div>\n        <\/div>\n            <div class=\"kksr-star\" style=\"padding-right: 4px\">\n            \n\n<div class=\"kksr-icon\" style=\"width: 24px; height: 24px;\"><\/div>\n        <\/div>\n            <div class=\"kksr-star\" style=\"padding-right: 4px\">\n            \n\n<div class=\"kksr-icon\" style=\"width: 24px; height: 24px;\"><\/div>\n        <\/div>\n            <div class=\"kksr-star\" style=\"padding-right: 4px\">\n            \n\n<div class=\"kksr-icon\" style=\"width: 24px; height: 24px;\"><\/div>\n        <\/div>\n            <div class=\"kksr-star\" style=\"padding-right: 4px\">\n            \n\n<div class=\"kksr-icon\" style=\"width: 24px; height: 24px;\"><\/div>\n        <\/div>\n    <\/div>\n<\/div>\n                \n\n<div class=\"kksr-legend\" style=\"font-size: 19.2px;\">\n            4.5\/5 - (2 votos)    <\/div>\n    <\/div>\n\n<h2>\u00bfPara qu\u00e9 aprender a decir que no?<\/h2>\n<p style=\"text-align: justify;\">Decir que no es necesario por que en ocasiones, no atrevernos a decirlo, supone sentirnos a disgusto, criticarnos y castigarnos. Mostrarse asertivo tambi\u00e9n es necesario para establecer relaciones sanas, en las que yo entiendo los limites de los dem\u00e1s, pero tambi\u00e9n ejerzo los m\u00edos.<\/p>\n<p style=\"text-align: center;\">Podemos valorar que decir que No, es una forma de expresar lo que queremos, lo que sentimos y necesitamos. Es por tanto nuestra\u00a0opini\u00f3n la que estamos defendiendo.<\/p>\n<p style=\"text-align: justify;\">Si nos proponen algo y accedemos, con el objetivo de que la otra persona no se enfade, que la relaci\u00f3n no se vea afectada o evitar conflictos, realmente lo que sentiremos a corto y largo plazo ser\u00e1 <strong>resentimiento<\/strong> y no estaremos disfrutando aquello que hemos decidido hacer.<\/p>\n<p style=\"text-align: justify;\">Es verdad que no decir que no, tiene unos beneficios secundarios como son\u00a0no posicionarnos y no tomar nuestras propias decisiones, siendo m\u00e1s f\u00e1cil\u00a0recurrir a la queja y al desahogo.<\/p>\n<p style=\"text-align: justify;\">Si estamos c\u00f3modos en esta postura, puede no interesarnos el enfrentamiento. Pero\u00a0si \u00e9ste no es nuestro caso\u00a0y nuestro objetivo es\u00a0enfrentar aquellas propuestas que no queremos, ser\u00e1 \u00fatil tener en cuenta las siguientes pautas.<\/p>\n<h2>\u00bfC\u00f3mo decir que no sin sentirte culpable?<\/h2>\n<p style=\"text-align: justify;\">Lo primero es observar en que situaciones decimos que No y c\u00f3mo nos enfrentamos a ellas.<\/p>\n<p style=\"text-align: justify;\">Si s\u00f3lo decimos que No cuando la persona demandante es muy insistente, cuando no aguantamos la presi\u00f3n, estamos cansados o enfadados, es muy probable que expresemos nuestro No de forma brusca, en lugar de comunicarnos asertivamente.<\/p>\n<p style=\"text-align: justify;\">Para ello vamos a establecer cuales son mis objetivos y a quien voy a dirigir esta t\u00e9cnica. Esto nos ayudar\u00e1 a obtener los resultados deseados.<\/p>\n<p style=\"text-align: justify;\">Tambi\u00e9n vamos a recordar que, como toda habilidad, es necesario practicar. No siempre vamos a tener un resultado positivo, ni las pautas van a funcionar de la misma forma con todas las personas.<\/p>\n<p style=\"text-align: justify;\">Decir que no es una situaci\u00f3n que de por s\u00ed nos a resultar un poco desagradable, porque supone poner l\u00edmites, pero con practica podemos conseguir hacerlo de forma fluida y en l\u00ednea con lo que queremos para nosotros.<\/p>\n<p style=\"text-align: justify;\"><strong>Pautas verbales<\/strong><\/p>\n<p style=\"text-align: justify;\"><strong><a href=\"https:\/\/janapsicologa.files.wordpress.com\/2015\/03\/speech-bubble-145974_640.png\"><img loading=\"lazy\" decoding=\"async\" class=\"alignleft size-thumbnail wp-image-590\" src=\"https:\/\/janapsicologa.files.wordpress.com\/2015\/03\/speech-bubble-145974_640.png?w=150\" alt=\"speech-bubble-145974_640\" width=\"150\" height=\"131\" srcset=\"https:\/\/janapsicologa.com\/wp-content\/uploads\/2015\/03\/speech-bubble-145974_640.png 640w, https:\/\/janapsicologa.com\/wp-content\/uploads\/2015\/03\/speech-bubble-145974_640-300x263.png 300w, https:\/\/janapsicologa.com\/wp-content\/uploads\/2015\/03\/speech-bubble-145974_640-457x400.png 457w\" sizes=\"(max-width: 150px) 100vw, 150px\" \/><\/a>Invitar al interlocutor a sentarse<\/strong> para que reciba el No con m\u00e1s tranquilidad. Esto favorece el control de la situaci\u00f3n y la relajaci\u00f3n de los m\u00fasculos.<\/p>\n<p style=\"text-align: justify;\"><strong>Usar el nombre<\/strong> de la persona\u00a0como medio\u00a0para captar su atenci\u00f3n.<\/p>\n<p style=\"text-align: justify;\"><strong>Escuchar activamente<\/strong> hasta que terminen de formular la petici\u00f3n, sin interrumpir. No tenemos prisa en decir que No y podremos utilizar informaci\u00f3n que nos dan para contestar, ofrecer alternativas, aprender, etc.<\/p>\n<p style=\"text-align: justify;\"><strong>Decir No suavemente<\/strong>, usando el nombre y con una breve introducci\u00f3n (\u201dLo siento, la verdad es que\u2026\u201d) en la que, de forma concreta, la otra persona escuche el \u00abno puedo, no quiero, no me apetece\u2026\u00bb.<\/p>\n<p style=\"text-align: justify;\"><strong>Evitaremos\u00a0decir No pasivamente<\/strong> \u201c..bueno, no s\u00e9, es que yo\u2026\u00bb ya que no explica nuestra postura, genera dudas y alienta al otro a insistir.<\/p>\n<p style=\"text-align: justify;\">Si valoramos explicar el por qu\u00e9 de nuestra postura, utilizaremos, si tenemos varias, la <strong>raz\u00f3n<\/strong> m\u00e1s suave. Guardaremos las m\u00e1s convincentes por si las necesitamos m\u00e1s adelante. Es recomendable usar excusas reales.<\/p>\n<p style=\"text-align: justify;\">Si nuestro interlocutor se muestra insistente, nos ayudar\u00e1 <strong>empatizar<\/strong> con \u00e9l, tratando de entender por qu\u00e9 insiste, haci\u00e9ndoselo saber, teniendo presente que entender al otro no es darle la raz\u00f3n.<\/p>\n<p style=\"text-align: center;\">\u00abEntiendo tu situaci\u00f3n Jorge, y que necesitas que te haga este favor, pero&#8230;\u00bb<\/p>\n<p style=\"text-align: justify;\">Utilizar la t\u00e9cnica del <strong>disco rayado<\/strong>, repitiendo, desde la tranquilidad, el mismo mensaje una y otra vez.<\/p>\n<p style=\"text-align: justify;\">Dar razones relacionadas con <strong>sentimientos<\/strong>. Si hemos expuesto nuestras razones y no resultan\u00a0suficientes, podemos utilizar las relacionadas con nuestros sentimientos:<\/p>\n<p style=\"text-align: center;\">\u00abRealmente, Laura, esta tarde <em><strong>no me apetece<\/strong><\/em> salir\u00bb.<\/p>\n<p style=\"text-align: justify;\">Si no queremos dar un No tajante, porque valoramos otras opciones, podemos plantear <strong>alternativas<\/strong>, siempre teniendo la seguridad de que puedan cumplirse. En ocasiones, la propia persona nos da pistas sobre esas alternativas. Aqu\u00ed ser\u00e1 importante la escucha activa.<\/p>\n<p style=\"text-align: justify;\">Si en el momento en el que nos hacen la propuesta no estamos seguros o sentimos que los recursos no funcionan, <strong>retrasar la respuesta<\/strong> es una buena opci\u00f3n.<\/p>\n<p style=\"text-align: center;\">\u00abPerm\u00edteme pensarlo detenidamente Elena. Teniendo en cuenta lo que hemos hablado, en cuanto me haya decidido me pondr\u00e9 en contacto contigo\u00bb.<\/p>\n<p style=\"text-align: justify;\">Si llegamos a un acuerdo, es importante <strong>recompensar<\/strong> la actitud del otro.<\/p>\n<p style=\"text-align: center;\">\u00abMe alegro de que me hayas entendido C\u00e9sar\u00bb<\/p>\n<p style=\"text-align: justify;\"><strong>Pautas no verbales<\/strong><\/p>\n<p style=\"text-align: justify;\"><strong><a href=\"https:\/\/janapsicologa.files.wordpress.com\/2015\/03\/handshake-651818_640.png\"><img loading=\"lazy\" decoding=\"async\" class=\"alignleft size-thumbnail wp-image-592\" src=\"https:\/\/janapsicologa.files.wordpress.com\/2015\/03\/handshake-651818_640.png?w=150\" alt=\"handshake-651818_640\" width=\"150\" height=\"129\" srcset=\"https:\/\/janapsicologa.com\/wp-content\/uploads\/2015\/03\/handshake-651818_640.png 640w, https:\/\/janapsicologa.com\/wp-content\/uploads\/2015\/03\/handshake-651818_640-300x259.png 300w, https:\/\/janapsicologa.com\/wp-content\/uploads\/2015\/03\/handshake-651818_640-464x400.png 464w\" sizes=\"(max-width: 150px) 100vw, 150px\" \/><\/a>Orientar la cabeza<\/strong> hacia la persona, sin negar con ella\u00a0mientras nos exponen la petici\u00f3n, ya que indica que no estamos escuchando.<\/p>\n<p style=\"text-align: justify;\">Es positivo que el <strong>contacto visual<\/strong> sea\u00a0continuo. Mirar a otro lado puede dar informaci\u00f3n negativa para nosotros.<\/p>\n<p style=\"text-align: justify;\">Tener un <strong>gesto<\/strong> serio pero no agresivo. Usar la sonrisa cuando veamos que entienden nuestra postura.<\/p>\n<p style=\"text-align: justify;\">La <strong>postura del cuerpo<\/strong> debe ser relajada, manteni\u00e9ndonos\u00a0a una distancia media, realizando\u00a0gestos que ayuden al acercamiento.<\/p>\n<p style=\"text-align: justify;\"><strong>Pautas paraverbales<\/strong><\/p>\n<p style=\"text-align: justify;\"><a href=\"https:\/\/janapsicologa.files.wordpress.com\/2015\/03\/speaker-305553_640.png\"><img loading=\"lazy\" decoding=\"async\" class=\"alignleft size-thumbnail wp-image-593\" src=\"https:\/\/janapsicologa.files.wordpress.com\/2015\/03\/speaker-305553_640.png?w=150\" alt=\"speaker-305553_640\" width=\"150\" height=\"120\" srcset=\"https:\/\/janapsicologa.com\/wp-content\/uploads\/2015\/03\/speaker-305553_640.png 640w, https:\/\/janapsicologa.com\/wp-content\/uploads\/2015\/03\/speaker-305553_640-300x239.png 300w, https:\/\/janapsicologa.com\/wp-content\/uploads\/2015\/03\/speaker-305553_640-502x400.png 502w\" sizes=\"(max-width: 150px) 100vw, 150px\" \/><\/a><\/p>\n<p style=\"text-align: justify;\">Nos ayudar\u00e1 que nuestro <strong>volumen<\/strong> de voz sea medio, para poder subirlo si es necesario.<\/p>\n<p style=\"text-align: justify;\">Y que la <strong>velocidad<\/strong> de nuestro habla sea adecuada para evitar cansancio, tensi\u00f3n y que nuestro mensaje llegue claro.<\/p>\n<p>Para finalizar, recordar los beneficios que supone decir No:<\/p>\n<ol>\n<li style=\"text-align: justify;\">Seremos capaces de <strong>controlar nuestras interacciones<\/strong>. No s\u00f3lo aprenderemos a decir que No, si no que las personas de nuestro entorno entender\u00e1n que hay aspectos que no aceptamos, que tenemos y ejercemos el derecho a negarnos, que a veces es necesario decir No, y que una conducta insistente no suele ser eficaz.<\/li>\n<li style=\"text-align: justify;\">Del mismo modo, <strong>nos ayuda a aceptar la negativa de los dem\u00e1s<\/strong>, ya que empatizamos con su punto de vista. Ya no valoraremos el No como una forma intencionada de molestar, si no como un derecho que se ejerce, como una elecci\u00f3n.<\/li>\n<li style=\"text-align: justify;\">Decir que No nos ayuda tambi\u00e9n a <strong>no sentirnos utilizados, a sentirnos bien<\/strong>, porque hacemos aquello que deseamos, sin obligaciones. Nos ayuda a querernos m\u00e1s.<\/li>\n<\/ol>\n<p style=\"text-align: justify;\">Recuerda: Tienes derecho a decir no y a decidir si quieres atender las expectativas\/necesidades de otras personas o si te comportas siguiendo tus propios intereses.<\/p>\n","protected":false},"excerpt":{"rendered":"<p>\u00bfPara qu\u00e9 aprender a decir que no? Decir que no es necesario por que en ocasiones, no atrevernos a decirlo, supone sentirnos a disgusto, criticarnos y castigarnos. Mostrarse asertivo tambi\u00e9n es necesario para establecer relaciones sanas, en las que yo entiendo los limites de los dem\u00e1s, pero tambi\u00e9n ejerzo los m\u00edos. Podemos valorar que decir &hellip; <a href=\"https:\/\/janapsicologa.com\/psicologo-madrid\/asertividad-quiero-aprender-a-decir-no\/\" class=\"more-link\">Seguir leyendo <span class=\"screen-reader-text\">C\u00f3mo decir que no sin sentirte culpable<\/span> <span class=\"meta-nav\">&rarr;<\/span><\/a><\/p>\n","protected":false},"author":2,"featured_media":0,"comment_status":"open","ping_status":"closed","sticky":false,"template":"","format":"standard","meta":{"_jetpack_memberships_contains_paid_content":false,"footnotes":""},"categories":[5],"tags":[],"class_list":["post-584","post","type-post","status-publish","format-standard","hentry","category-asertividad"],"yoast_head":"<!-- This site is optimized with the Yoast SEO plugin v25.6 - https:\/\/yoast.com\/wordpress\/plugins\/seo\/ -->\n<title>C\u00f3mo decir que no sin sentirte culpable &#8226; Psic\u00f3loga Jana Beter\u00e9 (Madrid, glorieta Bilbao)<\/title>\n<meta name=\"description\" content=\"\u00bfPara qu\u00e9 aprender a decir que no? Decir que no es necesario por que en ocasiones, no atrevernos a decirlo, supone sentirnos a disgusto, criticarnos y\" \/>\n<meta name=\"robots\" content=\"index, follow, max-snippet:-1, max-image-preview:large, max-video-preview:-1\" \/>\n<link rel=\"canonical\" href=\"https:\/\/janapsicologa.com\/psicologo-madrid\/asertividad-quiero-aprender-a-decir-no\/\" \/>\n<meta property=\"og:locale\" content=\"es_ES\" \/>\n<meta property=\"og:type\" content=\"article\" \/>\n<meta property=\"og:title\" content=\"C\u00f3mo decir que no sin sentirte culpable &#8226; Psic\u00f3loga Jana Beter\u00e9 (Madrid, glorieta Bilbao)\" \/>\n<meta property=\"og:description\" content=\"\u00bfPara qu\u00e9 aprender a decir que no? Decir que no es necesario por que en ocasiones, no atrevernos a decirlo, supone sentirnos a disgusto, criticarnos y\" \/>\n<meta property=\"og:url\" content=\"https:\/\/janapsicologa.com\/psicologo-madrid\/asertividad-quiero-aprender-a-decir-no\/\" \/>\n<meta property=\"og:site_name\" content=\"Psic\u00f3loga Jana Beter\u00e9\" \/>\n<meta property=\"article:publisher\" content=\"https:\/\/www.facebook.com\/psicojana\" \/>\n<meta property=\"article:author\" content=\"https:\/\/www.facebook.com\/psicojana\" \/>\n<meta property=\"article:published_time\" content=\"2015-03-29T16:16:32+00:00\" \/>\n<meta property=\"article:modified_time\" content=\"2019-03-04T11:49:53+00:00\" \/>\n<meta property=\"og:image\" content=\"https:\/\/janapsicologa.com\/wp-content\/uploads\/2015\/03\/wpid-fotor_142707546450633-1024x768.jpg\" \/>\n<meta name=\"author\" content=\"Jana Beter\u00e9 Moreno\" \/>\n<meta name=\"twitter:card\" content=\"summary_large_image\" \/>\n<meta name=\"twitter:creator\" content=\"@psicojana\" \/>\n<meta name=\"twitter:site\" content=\"@psicojana\" \/>\n<meta name=\"twitter:label1\" content=\"Escrito por\" \/>\n\t<meta name=\"twitter:data1\" content=\"Jana Beter\u00e9 Moreno\" \/>\n\t<meta name=\"twitter:label2\" content=\"Tiempo de lectura\" \/>\n\t<meta name=\"twitter:data2\" content=\"5 minutos\" \/>\n<script type=\"application\/ld+json\" class=\"yoast-schema-graph\">{\"@context\":\"https:\/\/schema.org\",\"@graph\":[{\"@type\":\"Article\",\"@id\":\"https:\/\/janapsicologa.com\/psicologo-madrid\/asertividad-quiero-aprender-a-decir-no\/#article\",\"isPartOf\":{\"@id\":\"https:\/\/janapsicologa.com\/psicologo-madrid\/asertividad-quiero-aprender-a-decir-no\/\"},\"author\":{\"name\":\"Jana Beter\u00e9 Moreno\",\"@id\":\"https:\/\/janapsicologa.com\/psicologo-madrid\/#\/schema\/person\/0bcac00e2c0ee57bd750176742cbba5f\"},\"headline\":\"C\u00f3mo decir que no sin sentirte culpable\",\"datePublished\":\"2015-03-29T16:16:32+00:00\",\"dateModified\":\"2019-03-04T11:49:53+00:00\",\"mainEntityOfPage\":{\"@id\":\"https:\/\/janapsicologa.com\/psicologo-madrid\/asertividad-quiero-aprender-a-decir-no\/\"},\"wordCount\":1030,\"commentCount\":1,\"publisher\":{\"@id\":\"https:\/\/janapsicologa.com\/psicologo-madrid\/#\/schema\/person\/0bcac00e2c0ee57bd750176742cbba5f\"},\"image\":{\"@id\":\"https:\/\/janapsicologa.com\/psicologo-madrid\/asertividad-quiero-aprender-a-decir-no\/#primaryimage\"},\"thumbnailUrl\":\"https:\/\/janapsicologa.com\/wp-content\/uploads\/2015\/03\/wpid-fotor_142707546450633-1024x768.jpg\",\"articleSection\":[\"Asertividad\"],\"inLanguage\":\"es\",\"potentialAction\":[{\"@type\":\"CommentAction\",\"name\":\"Comment\",\"target\":[\"https:\/\/janapsicologa.com\/psicologo-madrid\/asertividad-quiero-aprender-a-decir-no\/#respond\"]}]},{\"@type\":\"WebPage\",\"@id\":\"https:\/\/janapsicologa.com\/psicologo-madrid\/asertividad-quiero-aprender-a-decir-no\/\",\"url\":\"https:\/\/janapsicologa.com\/psicologo-madrid\/asertividad-quiero-aprender-a-decir-no\/\",\"name\":\"C\u00f3mo decir que no sin sentirte culpable &#8226; Psic\u00f3loga Jana Beter\u00e9 (Madrid, glorieta Bilbao)\",\"isPartOf\":{\"@id\":\"https:\/\/janapsicologa.com\/psicologo-madrid\/#website\"},\"primaryImageOfPage\":{\"@id\":\"https:\/\/janapsicologa.com\/psicologo-madrid\/asertividad-quiero-aprender-a-decir-no\/#primaryimage\"},\"image\":{\"@id\":\"https:\/\/janapsicologa.com\/psicologo-madrid\/asertividad-quiero-aprender-a-decir-no\/#primaryimage\"},\"thumbnailUrl\":\"https:\/\/janapsicologa.com\/wp-content\/uploads\/2015\/03\/wpid-fotor_142707546450633-1024x768.jpg\",\"datePublished\":\"2015-03-29T16:16:32+00:00\",\"dateModified\":\"2019-03-04T11:49:53+00:00\",\"description\":\"\u00bfPara qu\u00e9 aprender a decir que no? Decir que no es necesario por que en ocasiones, no atrevernos a decirlo, supone sentirnos a disgusto, criticarnos y\",\"breadcrumb\":{\"@id\":\"https:\/\/janapsicologa.com\/psicologo-madrid\/asertividad-quiero-aprender-a-decir-no\/#breadcrumb\"},\"inLanguage\":\"es\",\"potentialAction\":[{\"@type\":\"ReadAction\",\"target\":[\"https:\/\/janapsicologa.com\/psicologo-madrid\/asertividad-quiero-aprender-a-decir-no\/\"]}]},{\"@type\":\"ImageObject\",\"inLanguage\":\"es\",\"@id\":\"https:\/\/janapsicologa.com\/psicologo-madrid\/asertividad-quiero-aprender-a-decir-no\/#primaryimage\",\"url\":\"https:\/\/janapsicologa.com\/wp-content\/uploads\/2015\/03\/wpid-fotor_142707546450633-1024x768.jpg\",\"contentUrl\":\"https:\/\/janapsicologa.com\/wp-content\/uploads\/2015\/03\/wpid-fotor_142707546450633-1024x768.jpg\"},{\"@type\":\"BreadcrumbList\",\"@id\":\"https:\/\/janapsicologa.com\/psicologo-madrid\/asertividad-quiero-aprender-a-decir-no\/#breadcrumb\",\"itemListElement\":[{\"@type\":\"ListItem\",\"position\":1,\"name\":\"Portada\",\"item\":\"https:\/\/janapsicologa.com\/psicologo-madrid\/\"},{\"@type\":\"ListItem\",\"position\":2,\"name\":\"C\u00f3mo decir que no sin sentirte culpable\"}]},{\"@type\":\"WebSite\",\"@id\":\"https:\/\/janapsicologa.com\/psicologo-madrid\/#website\",\"url\":\"https:\/\/janapsicologa.com\/psicologo-madrid\/\",\"name\":\"Psic\u00f3loga Jana Beter\u00e9\",\"description\":\"Tratamiento psicol\u00f3gico de ansiedad, autoestima, estr\u00e9s y gesti\u00f3n de emociones\",\"publisher\":{\"@id\":\"https:\/\/janapsicologa.com\/psicologo-madrid\/#\/schema\/person\/0bcac00e2c0ee57bd750176742cbba5f\"},\"potentialAction\":[{\"@type\":\"SearchAction\",\"target\":{\"@type\":\"EntryPoint\",\"urlTemplate\":\"https:\/\/janapsicologa.com\/psicologo-madrid\/?s={search_term_string}\"},\"query-input\":{\"@type\":\"PropertyValueSpecification\",\"valueRequired\":true,\"valueName\":\"search_term_string\"}}],\"inLanguage\":\"es\"},{\"@type\":[\"Person\",\"Organization\"],\"@id\":\"https:\/\/janapsicologa.com\/psicologo-madrid\/#\/schema\/person\/0bcac00e2c0ee57bd750176742cbba5f\",\"name\":\"Jana Beter\u00e9 Moreno\",\"image\":{\"@type\":\"ImageObject\",\"inLanguage\":\"es\",\"@id\":\"https:\/\/janapsicologa.com\/psicologo-madrid\/#\/schema\/person\/image\/\",\"url\":\"https:\/\/janapsicologa.com\/wp-content\/uploads\/2020\/03\/psicologa-jana-betere-2020.jpg\",\"contentUrl\":\"https:\/\/janapsicologa.com\/wp-content\/uploads\/2020\/03\/psicologa-jana-betere-2020.jpg\",\"width\":400,\"height\":391,\"caption\":\"Jana Beter\u00e9 Moreno\"},\"logo\":{\"@id\":\"https:\/\/janapsicologa.com\/psicologo-madrid\/#\/schema\/person\/image\/\"},\"description\":\"Psic\u00f3logo Madr\u00edd centro (glorieta de Bilbao). Me llamo Jana, trabajo como psic\u00f3loga en Madrid centro. Te ayudo a combatir tu ansiedad, mejorar tu autoestima, superar la depresi\u00f3n, manejar el estr\u00e9s y gestionar tus emociones mediante tratamiento psicol\u00f3gico. Tambi\u00e9n te puedo acompa\u00f1ar a superar una ruptura de pareja, afrontar miedos, obsesiones o fobias. Mi experiencia se centra en el trabajo con adolescentes y adultos. Te ayudo a superar aquello que te limita en tu d\u00eda a d\u00eda. Mi objetivo es que alcances el bienestar que deseas. \u00a1CON\u00d3CEME! Consulta las opiniones de mis pacientes\",\"sameAs\":[\"https:\/\/janapsicologa.com\",\"https:\/\/www.facebook.com\/psicojana\",\"https:\/\/x.com\/psicojana\"]}]}<\/script>\n<!-- \/ Yoast SEO plugin. -->","yoast_head_json":{"title":"C\u00f3mo decir que no sin sentirte culpable &#8226; Psic\u00f3loga Jana Beter\u00e9 (Madrid, glorieta Bilbao)","description":"\u00bfPara qu\u00e9 aprender a decir que no? Decir que no es necesario por que en ocasiones, no atrevernos a decirlo, supone sentirnos a disgusto, criticarnos y","robots":{"index":"index","follow":"follow","max-snippet":"max-snippet:-1","max-image-preview":"max-image-preview:large","max-video-preview":"max-video-preview:-1"},"canonical":"https:\/\/janapsicologa.com\/psicologo-madrid\/asertividad-quiero-aprender-a-decir-no\/","og_locale":"es_ES","og_type":"article","og_title":"C\u00f3mo decir que no sin sentirte culpable &#8226; Psic\u00f3loga Jana Beter\u00e9 (Madrid, glorieta Bilbao)","og_description":"\u00bfPara qu\u00e9 aprender a decir que no? Decir que no es necesario por que en ocasiones, no atrevernos a decirlo, supone sentirnos a disgusto, criticarnos y","og_url":"https:\/\/janapsicologa.com\/psicologo-madrid\/asertividad-quiero-aprender-a-decir-no\/","og_site_name":"Psic\u00f3loga Jana Beter\u00e9","article_publisher":"https:\/\/www.facebook.com\/psicojana","article_author":"https:\/\/www.facebook.com\/psicojana","article_published_time":"2015-03-29T16:16:32+00:00","article_modified_time":"2019-03-04T11:49:53+00:00","og_image":[{"url":"https:\/\/janapsicologa.com\/wp-content\/uploads\/2015\/03\/wpid-fotor_142707546450633-1024x768.jpg","type":"","width":"","height":""}],"author":"Jana Beter\u00e9 Moreno","twitter_card":"summary_large_image","twitter_creator":"@psicojana","twitter_site":"@psicojana","twitter_misc":{"Escrito por":"Jana Beter\u00e9 Moreno","Tiempo de lectura":"5 minutos"},"schema":{"@context":"https:\/\/schema.org","@graph":[{"@type":"Article","@id":"https:\/\/janapsicologa.com\/psicologo-madrid\/asertividad-quiero-aprender-a-decir-no\/#article","isPartOf":{"@id":"https:\/\/janapsicologa.com\/psicologo-madrid\/asertividad-quiero-aprender-a-decir-no\/"},"author":{"name":"Jana Beter\u00e9 Moreno","@id":"https:\/\/janapsicologa.com\/psicologo-madrid\/#\/schema\/person\/0bcac00e2c0ee57bd750176742cbba5f"},"headline":"C\u00f3mo decir que no sin sentirte culpable","datePublished":"2015-03-29T16:16:32+00:00","dateModified":"2019-03-04T11:49:53+00:00","mainEntityOfPage":{"@id":"https:\/\/janapsicologa.com\/psicologo-madrid\/asertividad-quiero-aprender-a-decir-no\/"},"wordCount":1030,"commentCount":1,"publisher":{"@id":"https:\/\/janapsicologa.com\/psicologo-madrid\/#\/schema\/person\/0bcac00e2c0ee57bd750176742cbba5f"},"image":{"@id":"https:\/\/janapsicologa.com\/psicologo-madrid\/asertividad-quiero-aprender-a-decir-no\/#primaryimage"},"thumbnailUrl":"https:\/\/janapsicologa.com\/wp-content\/uploads\/2015\/03\/wpid-fotor_142707546450633-1024x768.jpg","articleSection":["Asertividad"],"inLanguage":"es","potentialAction":[{"@type":"CommentAction","name":"Comment","target":["https:\/\/janapsicologa.com\/psicologo-madrid\/asertividad-quiero-aprender-a-decir-no\/#respond"]}]},{"@type":"WebPage","@id":"https:\/\/janapsicologa.com\/psicologo-madrid\/asertividad-quiero-aprender-a-decir-no\/","url":"https:\/\/janapsicologa.com\/psicologo-madrid\/asertividad-quiero-aprender-a-decir-no\/","name":"C\u00f3mo decir que no sin sentirte culpable &#8226; Psic\u00f3loga Jana Beter\u00e9 (Madrid, glorieta Bilbao)","isPartOf":{"@id":"https:\/\/janapsicologa.com\/psicologo-madrid\/#website"},"primaryImageOfPage":{"@id":"https:\/\/janapsicologa.com\/psicologo-madrid\/asertividad-quiero-aprender-a-decir-no\/#primaryimage"},"image":{"@id":"https:\/\/janapsicologa.com\/psicologo-madrid\/asertividad-quiero-aprender-a-decir-no\/#primaryimage"},"thumbnailUrl":"https:\/\/janapsicologa.com\/wp-content\/uploads\/2015\/03\/wpid-fotor_142707546450633-1024x768.jpg","datePublished":"2015-03-29T16:16:32+00:00","dateModified":"2019-03-04T11:49:53+00:00","description":"\u00bfPara qu\u00e9 aprender a decir que no? Decir que no es necesario por que en ocasiones, no atrevernos a decirlo, supone sentirnos a disgusto, criticarnos y","breadcrumb":{"@id":"https:\/\/janapsicologa.com\/psicologo-madrid\/asertividad-quiero-aprender-a-decir-no\/#breadcrumb"},"inLanguage":"es","potentialAction":[{"@type":"ReadAction","target":["https:\/\/janapsicologa.com\/psicologo-madrid\/asertividad-quiero-aprender-a-decir-no\/"]}]},{"@type":"ImageObject","inLanguage":"es","@id":"https:\/\/janapsicologa.com\/psicologo-madrid\/asertividad-quiero-aprender-a-decir-no\/#primaryimage","url":"https:\/\/janapsicologa.com\/wp-content\/uploads\/2015\/03\/wpid-fotor_142707546450633-1024x768.jpg","contentUrl":"https:\/\/janapsicologa.com\/wp-content\/uploads\/2015\/03\/wpid-fotor_142707546450633-1024x768.jpg"},{"@type":"BreadcrumbList","@id":"https:\/\/janapsicologa.com\/psicologo-madrid\/asertividad-quiero-aprender-a-decir-no\/#breadcrumb","itemListElement":[{"@type":"ListItem","position":1,"name":"Portada","item":"https:\/\/janapsicologa.com\/psicologo-madrid\/"},{"@type":"ListItem","position":2,"name":"C\u00f3mo decir que no sin sentirte culpable"}]},{"@type":"WebSite","@id":"https:\/\/janapsicologa.com\/psicologo-madrid\/#website","url":"https:\/\/janapsicologa.com\/psicologo-madrid\/","name":"Psic\u00f3loga Jana Beter\u00e9","description":"Tratamiento psicol\u00f3gico de ansiedad, autoestima, estr\u00e9s y gesti\u00f3n de emociones","publisher":{"@id":"https:\/\/janapsicologa.com\/psicologo-madrid\/#\/schema\/person\/0bcac00e2c0ee57bd750176742cbba5f"},"potentialAction":[{"@type":"SearchAction","target":{"@type":"EntryPoint","urlTemplate":"https:\/\/janapsicologa.com\/psicologo-madrid\/?s={search_term_string}"},"query-input":{"@type":"PropertyValueSpecification","valueRequired":true,"valueName":"search_term_string"}}],"inLanguage":"es"},{"@type":["Person","Organization"],"@id":"https:\/\/janapsicologa.com\/psicologo-madrid\/#\/schema\/person\/0bcac00e2c0ee57bd750176742cbba5f","name":"Jana Beter\u00e9 Moreno","image":{"@type":"ImageObject","inLanguage":"es","@id":"https:\/\/janapsicologa.com\/psicologo-madrid\/#\/schema\/person\/image\/","url":"https:\/\/janapsicologa.com\/wp-content\/uploads\/2020\/03\/psicologa-jana-betere-2020.jpg","contentUrl":"https:\/\/janapsicologa.com\/wp-content\/uploads\/2020\/03\/psicologa-jana-betere-2020.jpg","width":400,"height":391,"caption":"Jana Beter\u00e9 Moreno"},"logo":{"@id":"https:\/\/janapsicologa.com\/psicologo-madrid\/#\/schema\/person\/image\/"},"description":"Psic\u00f3logo Madr\u00edd centro (glorieta de Bilbao). Me llamo Jana, trabajo como psic\u00f3loga en Madrid centro. Te ayudo a combatir tu ansiedad, mejorar tu autoestima, superar la depresi\u00f3n, manejar el estr\u00e9s y gestionar tus emociones mediante tratamiento psicol\u00f3gico. Tambi\u00e9n te puedo acompa\u00f1ar a superar una ruptura de pareja, afrontar miedos, obsesiones o fobias. Mi experiencia se centra en el trabajo con adolescentes y adultos. Te ayudo a superar aquello que te limita en tu d\u00eda a d\u00eda. Mi objetivo es que alcances el bienestar que deseas. \u00a1CON\u00d3CEME! Consulta las opiniones de mis pacientes","sameAs":["https:\/\/janapsicologa.com","https:\/\/www.facebook.com\/psicojana","https:\/\/x.com\/psicojana"]}]}},"jetpack_sharing_enabled":true,"jetpack_featured_media_url":"","_links":{"self":[{"href":"https:\/\/janapsicologa.com\/psicologo-madrid\/wp-json\/wp\/v2\/posts\/584"}],"collection":[{"href":"https:\/\/janapsicologa.com\/psicologo-madrid\/wp-json\/wp\/v2\/posts"}],"about":[{"href":"https:\/\/janapsicologa.com\/psicologo-madrid\/wp-json\/wp\/v2\/types\/post"}],"author":[{"embeddable":true,"href":"https:\/\/janapsicologa.com\/psicologo-madrid\/wp-json\/wp\/v2\/users\/2"}],"replies":[{"embeddable":true,"href":"https:\/\/janapsicologa.com\/psicologo-madrid\/wp-json\/wp\/v2\/comments?post=584"}],"version-history":[{"count":2,"href":"https:\/\/janapsicologa.com\/psicologo-madrid\/wp-json\/wp\/v2\/posts\/584\/revisions"}],"predecessor-version":[{"id":3961,"href":"https:\/\/janapsicologa.com\/psicologo-madrid\/wp-json\/wp\/v2\/posts\/584\/revisions\/3961"}],"wp:attachment":[{"href":"https:\/\/janapsicologa.com\/psicologo-madrid\/wp-json\/wp\/v2\/media?parent=584"}],"wp:term":[{"taxonomy":"category","embeddable":true,"href":"https:\/\/janapsicologa.com\/psicologo-madrid\/wp-json\/wp\/v2\/categories?post=584"},{"taxonomy":"post_tag","embeddable":true,"href":"https:\/\/janapsicologa.com\/psicologo-madrid\/wp-json\/wp\/v2\/tags?post=584"}],"curies":[{"name":"wp","href":"https:\/\/api.w.org\/{rel}","templated":true}]}}